{"id":2509,"date":"2023-11-09T13:16:34","date_gmt":"2023-11-09T13:16:34","guid":{"rendered":"http:\/\/176.32.230.6\/heimdall.se\/?p=2509"},"modified":"2023-11-09T13:23:14","modified_gmt":"2023-11-09T13:23:14","slug":"kontorsgolv-och-microcement-pa-vagg-bygdegard-borr-ljusdal","status":"publish","type":"post","link":"http:\/\/176.32.230.6\/heimdall.se\/kontorsgolv-och-microcement-pa-vagg-bygdegard-borr-ljusdal\/","title":{"rendered":"Kontorsgolv och microcement p\u00e5 v\u00e4gg,\u00a0Bygdeg\u00e5rd Borr, Ljusdal\u00a0"},"content":{"rendered":"\n<blockquote class=\"wp-block-quote is-layout-flow wp-block-quote-is-layout-flow\">\n<h6 class=\"wp-block-heading\"><em>Strax v\u00e4sterut om Ljusdal, ligger Borr Bygdeg\u00e5rd. Bygdeg\u00e5rden ligger p\u00e5 en h\u00f6jd och den \u00e4r vackert bel\u00e4gen mellan \u00e4lven Ljusnan och badv\u00e4nliga Borrsj\u00f6n.&nbsp;P\u00e5 Bygdeg\u00e5rden finns idag&nbsp;ett kontor f\u00f6r mellan fyra och sex platser, serveringsk\u00f6k, och en st\u00f6rre samlingslokal f\u00f6r konferens och fest. Perfekt f\u00f6r dig som vill ha en idyllisk arbetsplats.&nbsp;<\/em><br><\/h6>\n<\/blockquote>\n\n\n<div class=\"wp-block-image\">\n<figure data-wp-context=\"{&quot;imageId&quot;:&quot;69ee95f5020c7&quot;}\" data-wp-interactive=\"core\/image\" data-wp-key=\"69ee95f5020c7\" class=\"alignright size-full is-resized wp-lightbox-container\"><img fetchpriority=\"high\" decoding=\"async\" width=\"650\" height=\"434\" data-wp-class--hide=\"state.isContentHidden\" data-wp-class--show=\"state.isContentVisible\" data-wp-init=\"callbacks.setButtonStyles\" data-wp-on--click=\"actions.showLightbox\" data-wp-on--load=\"callbacks.setButtonStyles\" data-wp-on-window--resize=\"callbacks.setButtonStyles\" src=\"http:\/\/176.32.230.6\/heimdall.se\/wp-content\/uploads\/2023\/11\/Borr.2782.72dpi.jpg\" alt=\"\" class=\"wp-image-2514\" style=\"width:500px\" srcset=\"http:\/\/176.32.230.6\/heimdall.se\/wp-content\/uploads\/2023\/11\/Borr.2782.72dpi.jpg 650w, http:\/\/176.32.230.6\/heimdall.se\/wp-content\/uploads\/2023\/11\/Borr.2782.72dpi-300x200.jpg 300w\" sizes=\"(max-width: 650px) 100vw, 650px\" \/><button\n\t\t\tclass=\"lightbox-trigger\"\n\t\t\ttype=\"button\"\n\t\t\taria-haspopup=\"dialog\"\n\t\t\taria-label=\"F\u00f6rstora\"\n\t\t\tdata-wp-init=\"callbacks.initTriggerButton\"\n\t\t\tdata-wp-on--click=\"actions.showLightbox\"\n\t\t\tdata-wp-style--right=\"state.imageButtonRight\"\n\t\t\tdata-wp-style--top=\"state.imageButtonTop\"\n\t\t>\n\t\t\t<svg xmlns=\"http:\/\/www.w3.org\/2000\/svg\" width=\"12\" height=\"12\" fill=\"none\" viewBox=\"0 0 12 12\">\n\t\t\t\t<path fill=\"#fff\" d=\"M2 0a2 2 0 0 0-2 2v2h1.5V2a.5.5 0 0 1 .5-.5h2V0H2Zm2 10.5H2a.5.5 0 0 1-.5-.5V8H0v2a2 2 0 0 0 2 2h2v-1.5ZM8 12v-1.5h2a.5.5 0 0 0 .5-.5V8H12v2a2 2 0 0 1-2 2H8Zm2-12a2 2 0 0 1 2 2v2h-1.5V2a.5.5 0 0 0-.5-.5H8V0h2Z\" \/>\n\t\t\t<\/svg>\n\t\t<\/button><\/figure>\n<\/div>\n\n\n<div class=\"wp-block-group fakta\"><div class=\"wp-block-group__inner-container is-layout-constrained wp-block-group-is-layout-constrained\">\n<h4 class=\"wp-block-heading\">Snabba fakta<\/h4>\n\n\n\n<h6 class=\"wp-block-heading\"><strong>Golvl\u00f6sning:<\/strong>\u00a0Tikkurila PU<br><strong>Kund:<\/strong>\u00a0Borr Bygdeg\u00e5rd AB<br><strong>Byggstart:<\/strong>\u00a0Januari 2019<br><strong>F\u00e4rdigst\u00e4llt:<\/strong>\u00a0Februari 2019<br><strong>Storlek:<\/strong>\u00a0100 kvadratmeter\u00a0<br><br><strong>Milj\u00f6bed\u00f6mning:<\/strong>\u00a0Produkterna finns bed\u00f6mda i BVB.\u00a0<br><strong>Kuriosa:<\/strong>\u00a0Golvet g\u00e5r att anpassa till ett stort antal f\u00e4rger. I f\u00f6rskolemilj\u00f6 rekommenderar vi en stark enhetlig f\u00e4rg, d\u00e5 syns tappade f\u00f6rem\u00e5l b\u00e4ttre!\u00a0<\/h6>\n<\/div><\/div>\n\n\n\n<h3 class=\"wp-block-heading\">Om projektet<\/h3>\n\n\n\n<p>I Borr, strax v\u00e4sterut och fem minuter ifr\u00e5n Ljusdal, ligger Borr Bygdeg\u00e5rd. Bygdeg\u00e5rden ligger p\u00e5 en h\u00f6jd och den \u00e4r vackert bel\u00e4gen mellan \u00e4lven Ljusnan och badv\u00e4nliga Borrsj\u00f6n. H\u00e4r finns m\u00f6jlighet till att ha m\u00f6ten och fest. Hit kommer yrkesm\u00e4n och kvinnor till arbetet dagligen till \u00f6verv\u00e5ningens nyrenoverade kontorsplatser och i stora salen arrangeras fester och konferenser p\u00e5 regelbunde basis. P\u00e5 Bygdeg\u00e5rden finns \u00e4ven ett enklare serveringsk\u00f6k och h\u00e4r tog Heimdall p\u00e5 sig uppdraget att l\u00e4gga ett komfortgolv och bel\u00e4gga v\u00e4ggarna med microcement.\u00a0<\/p>\n\n\n\n<figure class=\"wp-block-image size-full\"><img decoding=\"async\" width=\"650\" height=\"433\" src=\"http:\/\/176.32.230.6\/heimdall.se\/wp-content\/uploads\/2023\/11\/Borr.2785.72dpi.jpg\" alt=\"\" class=\"wp-image-2516\" srcset=\"http:\/\/176.32.230.6\/heimdall.se\/wp-content\/uploads\/2023\/11\/Borr.2785.72dpi.jpg 650w, http:\/\/176.32.230.6\/heimdall.se\/wp-content\/uploads\/2023\/11\/Borr.2785.72dpi-300x200.jpg 300w\" sizes=\"(max-width: 650px) 100vw, 650px\" \/><\/figure>\n\n\n\n<hr class=\"wp-block-separator has-alpha-channel-opacity\"\/>\n\n\n\n<h3 class=\"wp-block-heading\">Projektkrav&nbsp;<\/h3>\n\n\n\n<p>Fastighets\u00e4garens \u00f6nskem\u00e5l var att skapa ett modernt kontor som kombinerar en stilrenhet med en lekfull twist. Heimdalls fokus var att&nbsp; leverera ett golv som \u00e4r inbjudande i estetisk mening samtidigt som&nbsp; det skapar den komfort man vanligtvis f\u00f6rknippar med kontorslokaler.&nbsp;<\/p>\n\n\n\n<ul class=\"wp-block-list\">\n<li><strong>Sk\u00f6nt att st\u00e5 och g\u00e5 p\u00e5:&nbsp;<\/strong>Polyuretanbel\u00e4ggningar har till skillnad fr\u00e5n epoxi en viss flexibilitet och klarar r\u00f6relser b\u00e4ttre. D\u00e4rf\u00f6r blir det ocks\u00e5 sk\u00f6nt att st\u00e5 och g\u00e5 p\u00e5, vilket l\u00e4mpar sig f\u00f6r kontorsmilj\u00f6er.&nbsp;<\/li>\n\n\n\n<li><strong>Estetiskt tilltalande:\u00a0<\/strong>I en arbetsmilj\u00f6 som ska tilltala olika m\u00e4nniskors preferenser och \u00f6nskem\u00e5l kr\u00e4vs det en stilren f\u00e4rg som fungerar i alla l\u00e4gen. H\u00e4r kommer gr\u00f6na v\u00e4xter, graffittitapeten och tavlorna skapa en kreativ inomhusmilj\u00f6.\u00a0<\/li>\n<\/ul>\n\n\n\n<figure class=\"wp-block-image size-full\"><img decoding=\"async\" width=\"586\" height=\"296\" src=\"http:\/\/176.32.230.6\/heimdall.se\/wp-content\/uploads\/2023\/11\/Borr.2831.72dpi-2.jpg\" alt=\"\" class=\"wp-image-2517\" srcset=\"http:\/\/176.32.230.6\/heimdall.se\/wp-content\/uploads\/2023\/11\/Borr.2831.72dpi-2.jpg 586w, http:\/\/176.32.230.6\/heimdall.se\/wp-content\/uploads\/2023\/11\/Borr.2831.72dpi-2-300x152.jpg 300w\" sizes=\"(max-width: 586px) 100vw, 586px\" \/><\/figure>\n\n\n\n<h3 class=\"wp-block-heading\">Golvl\u00f6sning<\/h3>\n\n\n\n<p>Inledningsvis beh\u00f6vdes golvet spacklas, d\u00e4r vi anv\u00e4nde oss av material fr\u00e5n Weber. Vi anv\u00e4nde oss uteslutande av material fr\u00e5n Tikkurila Sverige AB&nbsp;<\/p>\n\n\n\n<ul class=\"wp-block-list\">\n<li>Flytspackel: Weber.floor Industri cirka 40mm&nbsp;<\/li>\n\n\n\n<li><strong>Primer:&nbsp;<\/strong>Temafloor 400&nbsp;<\/li>\n\n\n\n<li><strong>Golv: Temafloor PU<\/strong><\/li>\n\n\n\n<li><strong>Topplack: Fontedur FL Matt&nbsp;<\/strong><\/li>\n<\/ul>\n","protected":false},"excerpt":{"rendered":"<p>Strax v\u00e4sterut om Ljusdal, ligger Borr Bygdeg\u00e5rd. Bygdeg\u00e5rden ligger p\u00e5 en h\u00f6jd och den \u00e4r vackert bel\u00e4gen mellan \u00e4lven Ljusnan och badv\u00e4nliga Borrsj\u00f6n.&nbsp;P\u00e5 Bygdeg\u00e5rden finns idag&nbsp;ett kontor f\u00f6r mellan fyra och sex platser, serveringsk\u00f6k, och en st\u00f6rre samlingslokal f\u00f6r konferens och fest. Perfekt f\u00f6r dig som vill ha en idyllisk arbetsplats.&nbsp; Snabba fakta Golvl\u00f6sning:\u00a0Tikkurila PUKund:\u00a0Borr [&hellip;]<\/p>\n","protected":false},"author":3,"featured_media":2510,"comment_status":"closed","ping_status":"open","sticky":false,"template":"","format":"standard","meta":{"footnotes":""},"categories":[17],"tags":[],"class_list":["post-2509","post","type-post","status-publish","format-standard","has-post-thumbnail","hentry","category-projekt"],"_links":{"self":[{"href":"http:\/\/176.32.230.6\/heimdall.se\/wp-json\/wp\/v2\/posts\/2509","targetHints":{"allow":["GET"]}}],"collection":[{"href":"http:\/\/176.32.230.6\/heimdall.se\/wp-json\/wp\/v2\/posts"}],"about":[{"href":"http:\/\/176.32.230.6\/heimdall.se\/wp-json\/wp\/v2\/types\/post"}],"author":[{"embeddable":true,"href":"http:\/\/176.32.230.6\/heimdall.se\/wp-json\/wp\/v2\/users\/3"}],"replies":[{"embeddable":true,"href":"http:\/\/176.32.230.6\/heimdall.se\/wp-json\/wp\/v2\/comments?post=2509"}],"version-history":[{"count":7,"href":"http:\/\/176.32.230.6\/heimdall.se\/wp-json\/wp\/v2\/posts\/2509\/revisions"}],"predecessor-version":[{"id":2520,"href":"http:\/\/176.32.230.6\/heimdall.se\/wp-json\/wp\/v2\/posts\/2509\/revisions\/2520"}],"wp:featuredmedia":[{"embeddable":true,"href":"http:\/\/176.32.230.6\/heimdall.se\/wp-json\/wp\/v2\/media\/2510"}],"wp:attachment":[{"href":"http:\/\/176.32.230.6\/heimdall.se\/wp-json\/wp\/v2\/media?parent=2509"}],"wp:term":[{"taxonomy":"category","embeddable":true,"href":"http:\/\/176.32.230.6\/heimdall.se\/wp-json\/wp\/v2\/categories?post=2509"},{"taxonomy":"post_tag","embeddable":true,"href":"http:\/\/176.32.230.6\/heimdall.se\/wp-json\/wp\/v2\/tags?post=2509"}],"curies":[{"name":"wp","href":"https:\/\/api.w.org\/{rel}","templated":true}]}}